{"id":3072,"date":"2025-07-03T11:05:10","date_gmt":"2025-07-03T11:05:10","guid":{"rendered":"https:\/\/psicofarris.it\/?p=3072"},"modified":"2025-07-03T11:05:19","modified_gmt":"2025-07-03T11:05:19","slug":"su-cantu-de-pippinu-farris","status":"publish","type":"post","link":"https:\/\/psicofarris.it\/?p=3072","title":{"rendered":"Su cantu de Pippinu Farris"},"content":{"rendered":"<p><strong><em>Se ti vesti delle tue radici sarai un re ovunque<\/em><\/strong><\/p>\n<p>Dalla pagina MUSICANIMA<\/p>\n<p>Ci sono canzoni, timbri vocali, sonorit\u00e0 antiche, musiche dell\u2019anima che ad ascoltarle si apre un mondo. E spesso \u00e8 il mondo in cui vorremmo abitare. Ecco perch\u00e9 abbiamo iniziato a ricordare la musica che ha cantato nostro padre per tutta la sua vita, per ricordarci di quei momenti magici in cui il suo vibrato sonoro ci portava in un viaggio aldil\u00e0 del tempo e dello spazio. E per condividere con tutte le persone che lo hanno conosciuto e ascoltato la bellezza di poter ancora rievocare quel viaggio, risentendolo cantare. Ma anche per far conoscere la sua musica a chi non lo ha mai incontrato e desideri fare l\u2019esperienza di sentire, evocare, riconoscere l\u2019identit\u00e0 sarda che trasmette il canto a tenore.<\/p>\n<p>IL CANTO A TENORE<\/p>\n<p>Dichiarato dall\u2019Unesco nel 2005 patrimonio orale e immateriale dell\u2019umanit\u00e0, il canto a tenore \u00e8 costituito da una voce solista <em>sa prima oche,<\/em> e dal coro composto da <em>sa contra<\/em>, <em>su bassu<\/em> e <em>sa mesu oche<\/em>. Con <em>tenore<\/em> si intende il gruppo dei cantanti che si presentano con una modalit\u00e0 molto caratteristica; <em>sa prima oche<\/em>, il solista, si esibisce leggermente separato dagli altri tre componenti, che invece formano un cerchio.<em> Sa prima oche<\/em> intona il canto, che pu\u00f2 essere il testo di una poesia o di una prosa e il coro lo segue, completando la polifonia attraverso una serie di caratteristici suoni gutturali. Si tratta di un\u2019espressione antichissima risalente all\u2019arcaico mondo agro-pastorale, di cui imita gli effetti acustici creando un\u2019armonia misteriosa e assolutamente mediterranea.<\/p>\n<p>PEPPINO FARRIS, <em>SA PRIMA OCHE<\/em><\/p>\n<p>Peppino Farris \u00e8 stato per tanti anni la voce solista del tenore Sant\u2019Anna di Lod\u00e8 e, successivamente, del tenore Sant\u2019Antonio di Lod\u00e8. Oltre a interpretare celebri poesie della tradizione scritta e orale sarda, ha cantato numerose canzoni composte di suo pugno, una di queste la scrisse per denunciare il dramma degli incendi dolosi in Sardegna, la pubblicheremo in seguito ma segnaliamo che \u00e8 possibile ascoltarla al minuto 5:52 di questo link <a href=\"https:\/\/bit.ly\/4lmEfYj\">https:\/\/bit.ly\/4lmEfYj<\/a>, tuttora viene eseguita pubblicamente dal tenore di cui Peppino Farris ha fatto parte. In questo cd sono presenti alcuni testi del suo repertorio, sono appassionati e pieni di speranza, ma anche ribelli e anticonformisti. Raccontano della questione sarda attraverso le parole che hanno caratterizzato le sue varie identit\u00e0 di sardo; pastore, muratore emigrato e infine operaio. Raccontano un sentire isolano, la condizione esistenziale di una terra, descrivono un paesaggio dell\u2019anima.<\/p>\n<p><em>Tania e Michele Farris<\/em><\/p>\n<p>&nbsp;<\/p>\n","protected":false},"excerpt":{"rendered":"<p>Se ti vesti delle tue radici sarai un re ovunque Dalla pagina MUSICANIMA Ci sono canzoni, timbri vocali, sonorit\u00e0 antiche, musiche dell\u2019anima che ad ascoltarle si apre un mondo. E spesso \u00e8 il mondo in cui vorremmo abitare. Ecco perch\u00e9 abbiamo iniziato a ricordare la musica che ha cantato nostro padre per tutta la sua &hellip; <a href=\"https:\/\/psicofarris.it\/?p=3072\" class=\"more-link\">Continue reading <span class=\"screen-reader-text\">Su cantu de Pippinu Farris<\/span><\/a><\/p>\n","protected":false},"author":2,"featured_media":3066,"comment_status":"open","ping_status":"open","sticky":false,"template":"","format":"image","meta":{"footnotes":""},"categories":[65,66,64,67,52],"tags":[],"class_list":["post-3072","post","type-post","status-publish","format-image","has-post-thumbnail","hentry","category-arte","category-creativita","category-identita","category-libera-espressione-di-se","category-musicoterapia","post_format-post-format-image"],"yoast_head":"<!-- This site is optimized with the Yoast SEO plugin v23.4 - https:\/\/yoast.com\/wordpress\/plugins\/seo\/ -->\n<title>Su cantu de Pippinu Farris - Psicofarris<\/title>\n<meta name=\"robots\" content=\"index, follow, max-snippet:-1, max-image-preview:large, max-video-preview:-1\" \/>\n<link rel=\"canonical\" href=\"https:\/\/psicofarris.it\/?p=3072\" \/>\n<meta property=\"og:locale\" content=\"it_IT\" \/>\n<meta property=\"og:type\" content=\"article\" \/>\n<meta property=\"og:title\" content=\"Su cantu de Pippinu Farris - Psicofarris\" \/>\n<meta property=\"og:description\" content=\"Se ti vesti delle tue radici sarai un re ovunque Dalla pagina MUSICANIMA Ci sono canzoni, timbri vocali, sonorit\u00e0 antiche, musiche dell\u2019anima che ad ascoltarle si apre un mondo. E spesso \u00e8 il mondo in cui vorremmo abitare. Ecco perch\u00e9 abbiamo iniziato a ricordare la musica che ha cantato nostro padre per tutta la sua &hellip; Continue reading Su cantu de Pippinu Farris\" \/>\n<meta property=\"og:url\" content=\"https:\/\/psicofarris.it\/?p=3072\" \/>\n<meta property=\"og:site_name\" content=\"Psicofarris\" \/>\n<meta property=\"article:published_time\" content=\"2025-07-03T11:05:10+00:00\" \/>\n<meta property=\"article:modified_time\" content=\"2025-07-03T11:05:19+00:00\" \/>\n<meta property=\"og:image\" content=\"https:\/\/psicofarris.it\/wp-content\/uploads\/2025\/07\/libretto-farris-1.jpg\" \/>\n\t<meta property=\"og:image:width\" content=\"1476\" \/>\n\t<meta property=\"og:image:height\" content=\"1476\" \/>\n\t<meta property=\"og:image:type\" content=\"image\/jpeg\" \/>\n<meta name=\"author\" content=\"Farris\" \/>\n<meta name=\"twitter:card\" content=\"summary_large_image\" \/>\n<meta name=\"twitter:label1\" content=\"Scritto da\" \/>\n\t<meta name=\"twitter:data1\" content=\"Farris\" \/>\n\t<meta name=\"twitter:label2\" content=\"Tempo di lettura stimato\" \/>\n\t<meta name=\"twitter:data2\" content=\"3 minuti\" \/>\n<script type=\"application\/ld+json\" class=\"yoast-schema-graph\">{\"@context\":\"https:\/\/schema.org\",\"@graph\":[{\"@type\":\"Article\",\"@id\":\"https:\/\/psicofarris.it\/?p=3072#article\",\"isPartOf\":{\"@id\":\"https:\/\/psicofarris.it\/?p=3072\"},\"author\":{\"name\":\"Farris\",\"@id\":\"https:\/\/psicofarris.it\/#\/schema\/person\/69e56db09b179d0b1c3b4b9cff9c33a1\"},\"headline\":\"Su cantu de Pippinu Farris\",\"datePublished\":\"2025-07-03T11:05:10+00:00\",\"dateModified\":\"2025-07-03T11:05:19+00:00\",\"mainEntityOfPage\":{\"@id\":\"https:\/\/psicofarris.it\/?p=3072\"},\"wordCount\":425,\"commentCount\":0,\"publisher\":{\"@id\":\"https:\/\/psicofarris.it\/#organization\"},\"image\":{\"@id\":\"https:\/\/psicofarris.it\/?p=3072#primaryimage\"},\"thumbnailUrl\":\"https:\/\/psicofarris.it\/wp-content\/uploads\/2025\/07\/libretto-farris-1.jpg\",\"articleSection\":[\"Arte\",\"Creativit\u00e0\",\"Identit\u00e0\",\"Libera espressione di s\u00e8\",\"Musicoterapia\"],\"inLanguage\":\"it-IT\",\"potentialAction\":[{\"@type\":\"CommentAction\",\"name\":\"Comment\",\"target\":[\"https:\/\/psicofarris.it\/?p=3072#respond\"]}]},{\"@type\":\"WebPage\",\"@id\":\"https:\/\/psicofarris.it\/?p=3072\",\"url\":\"https:\/\/psicofarris.it\/?p=3072\",\"name\":\"Su cantu de Pippinu Farris - Psicofarris\",\"isPartOf\":{\"@id\":\"https:\/\/psicofarris.it\/#website\"},\"primaryImageOfPage\":{\"@id\":\"https:\/\/psicofarris.it\/?p=3072#primaryimage\"},\"image\":{\"@id\":\"https:\/\/psicofarris.it\/?p=3072#primaryimage\"},\"thumbnailUrl\":\"https:\/\/psicofarris.it\/wp-content\/uploads\/2025\/07\/libretto-farris-1.jpg\",\"datePublished\":\"2025-07-03T11:05:10+00:00\",\"dateModified\":\"2025-07-03T11:05:19+00:00\",\"breadcrumb\":{\"@id\":\"https:\/\/psicofarris.it\/?p=3072#breadcrumb\"},\"inLanguage\":\"it-IT\",\"potentialAction\":[{\"@type\":\"ReadAction\",\"target\":[\"https:\/\/psicofarris.it\/?p=3072\"]}]},{\"@type\":\"ImageObject\",\"inLanguage\":\"it-IT\",\"@id\":\"https:\/\/psicofarris.it\/?p=3072#primaryimage\",\"url\":\"https:\/\/psicofarris.it\/wp-content\/uploads\/2025\/07\/libretto-farris-1.jpg\",\"contentUrl\":\"https:\/\/psicofarris.it\/wp-content\/uploads\/2025\/07\/libretto-farris-1.jpg\",\"width\":1476,\"height\":1476},{\"@type\":\"BreadcrumbList\",\"@id\":\"https:\/\/psicofarris.it\/?p=3072#breadcrumb\",\"itemListElement\":[{\"@type\":\"ListItem\",\"position\":1,\"name\":\"Home\",\"item\":\"https:\/\/psicofarris.it\/\"},{\"@type\":\"ListItem\",\"position\":2,\"name\":\"Su cantu de Pippinu Farris\"}]},{\"@type\":\"WebSite\",\"@id\":\"https:\/\/psicofarris.it\/#website\",\"url\":\"https:\/\/psicofarris.it\/\",\"name\":\"Psicofarris\",\"description\":\"Studio di Psicoterapia\",\"publisher\":{\"@id\":\"https:\/\/psicofarris.it\/#organization\"},\"potentialAction\":[{\"@type\":\"SearchAction\",\"target\":{\"@type\":\"EntryPoint\",\"urlTemplate\":\"https:\/\/psicofarris.it\/?s={search_term_string}\"},\"query-input\":{\"@type\":\"PropertyValueSpecification\",\"valueRequired\":true,\"valueName\":\"search_term_string\"}}],\"inLanguage\":\"it-IT\"},{\"@type\":\"Organization\",\"@id\":\"https:\/\/psicofarris.it\/#organization\",\"name\":\"Studio Farris\",\"url\":\"https:\/\/psicofarris.it\/\",\"logo\":{\"@type\":\"ImageObject\",\"inLanguage\":\"it-IT\",\"@id\":\"https:\/\/psicofarris.it\/#\/schema\/logo\/image\/\",\"url\":\"https:\/\/psicofarris.it\/wp-content\/uploads\/2020\/12\/PsicoFarris-logo-white.png\",\"contentUrl\":\"https:\/\/psicofarris.it\/wp-content\/uploads\/2020\/12\/PsicoFarris-logo-white.png\",\"width\":323,\"height\":119,\"caption\":\"Studio Farris\"},\"image\":{\"@id\":\"https:\/\/psicofarris.it\/#\/schema\/logo\/image\/\"}},{\"@type\":\"Person\",\"@id\":\"https:\/\/psicofarris.it\/#\/schema\/person\/69e56db09b179d0b1c3b4b9cff9c33a1\",\"name\":\"Farris\",\"image\":{\"@type\":\"ImageObject\",\"inLanguage\":\"it-IT\",\"@id\":\"https:\/\/psicofarris.it\/#\/schema\/person\/image\/\",\"url\":\"https:\/\/secure.gravatar.com\/avatar\/ea1b779f89365055258a1c046eaca7bd?s=96&d=mm&r=g\",\"contentUrl\":\"https:\/\/secure.gravatar.com\/avatar\/ea1b779f89365055258a1c046eaca7bd?s=96&d=mm&r=g\",\"caption\":\"Farris\"}}]}<\/script>\n<!-- \/ Yoast SEO plugin. -->","yoast_head_json":{"title":"Su cantu de Pippinu Farris - Psicofarris","robots":{"index":"index","follow":"follow","max-snippet":"max-snippet:-1","max-image-preview":"max-image-preview:large","max-video-preview":"max-video-preview:-1"},"canonical":"https:\/\/psicofarris.it\/?p=3072","og_locale":"it_IT","og_type":"article","og_title":"Su cantu de Pippinu Farris - Psicofarris","og_description":"Se ti vesti delle tue radici sarai un re ovunque Dalla pagina MUSICANIMA Ci sono canzoni, timbri vocali, sonorit\u00e0 antiche, musiche dell\u2019anima che ad ascoltarle si apre un mondo. E spesso \u00e8 il mondo in cui vorremmo abitare. Ecco perch\u00e9 abbiamo iniziato a ricordare la musica che ha cantato nostro padre per tutta la sua &hellip; Continue reading Su cantu de Pippinu Farris","og_url":"https:\/\/psicofarris.it\/?p=3072","og_site_name":"Psicofarris","article_published_time":"2025-07-03T11:05:10+00:00","article_modified_time":"2025-07-03T11:05:19+00:00","og_image":[{"width":1476,"height":1476,"url":"https:\/\/psicofarris.it\/wp-content\/uploads\/2025\/07\/libretto-farris-1.jpg","type":"image\/jpeg"}],"author":"Farris","twitter_card":"summary_large_image","twitter_misc":{"Scritto da":"Farris","Tempo di lettura stimato":"3 minuti"},"schema":{"@context":"https:\/\/schema.org","@graph":[{"@type":"Article","@id":"https:\/\/psicofarris.it\/?p=3072#article","isPartOf":{"@id":"https:\/\/psicofarris.it\/?p=3072"},"author":{"name":"Farris","@id":"https:\/\/psicofarris.it\/#\/schema\/person\/69e56db09b179d0b1c3b4b9cff9c33a1"},"headline":"Su cantu de Pippinu Farris","datePublished":"2025-07-03T11:05:10+00:00","dateModified":"2025-07-03T11:05:19+00:00","mainEntityOfPage":{"@id":"https:\/\/psicofarris.it\/?p=3072"},"wordCount":425,"commentCount":0,"publisher":{"@id":"https:\/\/psicofarris.it\/#organization"},"image":{"@id":"https:\/\/psicofarris.it\/?p=3072#primaryimage"},"thumbnailUrl":"https:\/\/psicofarris.it\/wp-content\/uploads\/2025\/07\/libretto-farris-1.jpg","articleSection":["Arte","Creativit\u00e0","Identit\u00e0","Libera espressione di s\u00e8","Musicoterapia"],"inLanguage":"it-IT","potentialAction":[{"@type":"CommentAction","name":"Comment","target":["https:\/\/psicofarris.it\/?p=3072#respond"]}]},{"@type":"WebPage","@id":"https:\/\/psicofarris.it\/?p=3072","url":"https:\/\/psicofarris.it\/?p=3072","name":"Su cantu de Pippinu Farris - Psicofarris","isPartOf":{"@id":"https:\/\/psicofarris.it\/#website"},"primaryImageOfPage":{"@id":"https:\/\/psicofarris.it\/?p=3072#primaryimage"},"image":{"@id":"https:\/\/psicofarris.it\/?p=3072#primaryimage"},"thumbnailUrl":"https:\/\/psicofarris.it\/wp-content\/uploads\/2025\/07\/libretto-farris-1.jpg","datePublished":"2025-07-03T11:05:10+00:00","dateModified":"2025-07-03T11:05:19+00:00","breadcrumb":{"@id":"https:\/\/psicofarris.it\/?p=3072#breadcrumb"},"inLanguage":"it-IT","potentialAction":[{"@type":"ReadAction","target":["https:\/\/psicofarris.it\/?p=3072"]}]},{"@type":"ImageObject","inLanguage":"it-IT","@id":"https:\/\/psicofarris.it\/?p=3072#primaryimage","url":"https:\/\/psicofarris.it\/wp-content\/uploads\/2025\/07\/libretto-farris-1.jpg","contentUrl":"https:\/\/psicofarris.it\/wp-content\/uploads\/2025\/07\/libretto-farris-1.jpg","width":1476,"height":1476},{"@type":"BreadcrumbList","@id":"https:\/\/psicofarris.it\/?p=3072#breadcrumb","itemListElement":[{"@type":"ListItem","position":1,"name":"Home","item":"https:\/\/psicofarris.it\/"},{"@type":"ListItem","position":2,"name":"Su cantu de Pippinu Farris"}]},{"@type":"WebSite","@id":"https:\/\/psicofarris.it\/#website","url":"https:\/\/psicofarris.it\/","name":"Psicofarris","description":"Studio di Psicoterapia","publisher":{"@id":"https:\/\/psicofarris.it\/#organization"},"potentialAction":[{"@type":"SearchAction","target":{"@type":"EntryPoint","urlTemplate":"https:\/\/psicofarris.it\/?s={search_term_string}"},"query-input":{"@type":"PropertyValueSpecification","valueRequired":true,"valueName":"search_term_string"}}],"inLanguage":"it-IT"},{"@type":"Organization","@id":"https:\/\/psicofarris.it\/#organization","name":"Studio Farris","url":"https:\/\/psicofarris.it\/","logo":{"@type":"ImageObject","inLanguage":"it-IT","@id":"https:\/\/psicofarris.it\/#\/schema\/logo\/image\/","url":"https:\/\/psicofarris.it\/wp-content\/uploads\/2020\/12\/PsicoFarris-logo-white.png","contentUrl":"https:\/\/psicofarris.it\/wp-content\/uploads\/2020\/12\/PsicoFarris-logo-white.png","width":323,"height":119,"caption":"Studio Farris"},"image":{"@id":"https:\/\/psicofarris.it\/#\/schema\/logo\/image\/"}},{"@type":"Person","@id":"https:\/\/psicofarris.it\/#\/schema\/person\/69e56db09b179d0b1c3b4b9cff9c33a1","name":"Farris","image":{"@type":"ImageObject","inLanguage":"it-IT","@id":"https:\/\/psicofarris.it\/#\/schema\/person\/image\/","url":"https:\/\/secure.gravatar.com\/avatar\/ea1b779f89365055258a1c046eaca7bd?s=96&d=mm&r=g","contentUrl":"https:\/\/secure.gravatar.com\/avatar\/ea1b779f89365055258a1c046eaca7bd?s=96&d=mm&r=g","caption":"Farris"}}]}},"jetpack_featured_media_url":"https:\/\/psicofarris.it\/wp-content\/uploads\/2025\/07\/libretto-farris-1.jpg","_links":{"self":[{"href":"https:\/\/psicofarris.it\/index.php?rest_route=\/wp\/v2\/posts\/3072"}],"collection":[{"href":"https:\/\/psicofarris.it\/index.php?rest_route=\/wp\/v2\/posts"}],"about":[{"href":"https:\/\/psicofarris.it\/index.php?rest_route=\/wp\/v2\/types\/post"}],"author":[{"embeddable":true,"href":"https:\/\/psicofarris.it\/index.php?rest_route=\/wp\/v2\/users\/2"}],"replies":[{"embeddable":true,"href":"https:\/\/psicofarris.it\/index.php?rest_route=%2Fwp%2Fv2%2Fcomments&post=3072"}],"version-history":[{"count":1,"href":"https:\/\/psicofarris.it\/index.php?rest_route=\/wp\/v2\/posts\/3072\/revisions"}],"predecessor-version":[{"id":3073,"href":"https:\/\/psicofarris.it\/index.php?rest_route=\/wp\/v2\/posts\/3072\/revisions\/3073"}],"wp:featuredmedia":[{"embeddable":true,"href":"https:\/\/psicofarris.it\/index.php?rest_route=\/wp\/v2\/media\/3066"}],"wp:attachment":[{"href":"https:\/\/psicofarris.it\/index.php?rest_route=%2Fwp%2Fv2%2Fmedia&parent=3072"}],"wp:term":[{"taxonomy":"category","embeddable":true,"href":"https:\/\/psicofarris.it\/index.php?rest_route=%2Fwp%2Fv2%2Fcategories&post=3072"},{"taxonomy":"post_tag","embeddable":true,"href":"https:\/\/psicofarris.it\/index.php?rest_route=%2Fwp%2Fv2%2Ftags&post=3072"}],"curies":[{"name":"wp","href":"https:\/\/api.w.org\/{rel}","templated":true}]}}